{"id":1969,"date":"2025-10-06T11:45:59","date_gmt":"2025-10-06T11:45:59","guid":{"rendered":"https:\/\/carboliq.com\/?p=1969"},"modified":"2025-10-06T11:46:00","modified_gmt":"2025-10-06T11:46:00","slug":"carboliq-im-fokus-der-k-zeitung","status":"publish","type":"post","link":"https:\/\/carboliq.com\/de\/carboliq-im-fokus-der-k-zeitung\/","title":{"rendered":"carboliq im Fokus der K-ZEITUNG"},"content":{"rendered":"\n<div class=\"wp-block-cover alignfull is-light hero has-white-background-color has-background\"><span aria-hidden=\"true\" class=\"wp-block-cover__background has-white-background-color has-background-dim-0 has-background-dim\"><\/span><div class=\"wp-block-cover__inner-container is-layout-flow wp-block-cover-is-layout-flow\">\n<div class=\"wp-block-columns is-layout-flex wp-container-core-columns-is-layout-28f84493 wp-block-columns-is-layout-flex\">\n<div class=\"wp-block-column is-vertically-aligned-center hero__content is-layout-flow wp-block-column-is-layout-flow\">\n<p>Pressemitteilung<\/p>\n\n\n\n<h1 class=\"wp-block-heading\" id=\"h-vom-exoten-zum-gamechanger-carboliq-im-fokus-der-k-zeitung\">Vom \u201eExoten\u201d zum Gamechanger \u2013 carboliq im Fokus der K-ZEITUNG<\/h1>\n<\/div>\n\n\n\n<div class=\"wp-block-column is-vertically-aligned-center hero__media is-layout-flow wp-block-column-is-layout-flow\">\n<figure class=\"wp-block-image size-large\"><img data-dominant-color=\"8f9da1\" data-has-transparency=\"false\" style=\"--dominant-color: #8f9da1;\" loading=\"lazy\" decoding=\"async\" width=\"760\" height=\"432\" src=\"https:\/\/carboliq.com\/app\/uploads\/2025\/10\/carboliq_muellfraktionen.jpeg-760x432.avif\" alt=\"\" class=\"wp-image-1954 not-transparent\"\/><\/figure>\n<\/div>\n<\/div>\n<\/div><\/div>\n\n\n\n<section class=\"section \"><div class=\"section__inner\">\n<p>Die <strong>K-ZEITUNG<\/strong> berichtet ausf\u00fchrlich \u00fcber unser Verfahren und die strategische Partnerschaft mit <strong>S\u00dcDPACK<\/strong> \u2013 und warum genau hier der Durchbruch f\u00fcr schwer recycelbare Kunststoffabf\u00e4lle liegt. Im Interview erkl\u00e4rt unser Gesch\u00e4ftsf\u00fchrer Dr. Harald Klein, wie <strong>carboliq<\/strong> aus komplexen Verbundfolien und verschmutzten Mischfraktionen wieder einen hochwertigen Rohstoff f\u00fcr neue Kunststoffe in Prim\u00e4rqualit\u00e4t macht \u2013 auch f\u00fcr Anwendungen mit Lebensmittelkontakt.<\/p>\n\n\n\n<p>Besonders relevant f\u00fcr die Praxis: Auch komplexe Abfallstr\u00f6me \u2013 etwa PA\/PE-Verbundfolien \u2013 lassen sich verfl\u00fcssigen; bei polyamidreichen Stoffen kann sogar Caprolactam als Wertstoff isoliert werden. In Folienreichen Fraktionen sind \u00d6lausbeuten bis zu 80 % m\u00f6glich. Das er\u00f6ffnet echte Kreislaufmodelle mit Industriepartnern \u2013 vom Produktionsrest zur\u00fcck in hochwertige Granulate und Folien.<\/p>\n\n\n\n<p>Unser Ziel ist klar: den Kunststoffkreislauf wirtschaftlich schlie\u00dfen, fossile Ressourcen schonen und die Dekarbonisierung der Wertsch\u00f6pfung vorantreiben \u2013 gemeinsam mit starken Partnern. Warum <strong>S\u00dcDPACK<\/strong> auf <strong>carboliq<\/strong> setzt, welche Stoffstr\u00f6me ideal sind und wie unternehmensspezifische Closed-Loops aussehen k\u00f6nnen, lesen Sie im ganzen Beitrag der <strong>K-ZEITUNG<\/strong>.<\/p>\n\n\n\n<div class=\"wp-block-buttons is-layout-flex wp-block-buttons-is-layout-flex\">\n<div class=\"wp-block-button is-style-fill\"><a class=\"wp-block-button__link wp-element-button\" href=\"https:\/\/www.k-zeitung.de\/chemisches-recycling-exot-oder-gamechanger\" target=\"_blank\" rel=\"noreferrer noopener\">Erfahren Sie mehr<\/a><\/div>\n<\/div>\n<\/div><\/section>\n","protected":false},"excerpt":{"rendered":"","protected":false},"author":7,"featured_media":1954,"comment_status":"closed","ping_status":"closed","sticky":false,"template":"","format":"standard","meta":{"footnotes":""},"categories":[28],"class_list":["post-1969","post","type-post","status-publish","format-standard","has-post-thumbnail","hentry","category-news"],"yoast_head":"<!-- This site is optimized with the Yoast SEO Premium plugin v26.5 (Yoast SEO v26.5) - https:\/\/yoast.com\/wordpress\/plugins\/seo\/ -->\n<title>carboliq im Fokus der K-ZEITUNG - Carboliq GmbH<\/title>\n<meta name=\"robots\" content=\"index, follow, max-snippet:-1, max-image-preview:large, max-video-preview:-1\" \/>\n<link rel=\"canonical\" href=\"https:\/\/carboliq.com\/de\/carboliq-im-fokus-der-k-zeitung\/\" \/>\n<meta property=\"og:locale\" content=\"de_DE\" \/>\n<meta property=\"og:type\" content=\"article\" \/>\n<meta property=\"og:title\" content=\"carboliq im Fokus der K-ZEITUNG\" \/>\n<meta property=\"og:url\" content=\"https:\/\/carboliq.com\/de\/carboliq-im-fokus-der-k-zeitung\/\" \/>\n<meta property=\"og:site_name\" content=\"Carboliq GmbH\" \/>\n<meta property=\"article:published_time\" content=\"2025-10-06T11:45:59+00:00\" \/>\n<meta property=\"article:modified_time\" content=\"2025-10-06T11:46:00+00:00\" \/>\n<meta property=\"og:image\" content=\"https:\/\/carboliq.com\/app\/uploads\/2025\/10\/carboliq_muellfraktionen.jpeg.avif\" \/>\n\t<meta property=\"og:image:width\" content=\"760\" \/>\n\t<meta property=\"og:image:height\" content=\"506\" \/>\n\t<meta property=\"og:image:type\" content=\"image\/webp\" \/>\n<meta name=\"author\" content=\"Sven Luca Graebenteich\" \/>\n<meta name=\"twitter:card\" content=\"summary_large_image\" \/>\n<meta name=\"twitter:label1\" content=\"Verfasst von\" \/>\n\t<meta name=\"twitter:data1\" content=\"Sven Luca Graebenteich\" \/>\n\t<meta name=\"twitter:label2\" content=\"Gesch\u00e4tzte Lesezeit\" \/>\n\t<meta name=\"twitter:data2\" content=\"2\u00a0Minuten\" \/>\n<script type=\"application\/ld+json\" class=\"yoast-schema-graph\">{\"@context\":\"https:\/\/schema.org\",\"@graph\":[{\"@type\":\"Article\",\"@id\":\"https:\/\/carboliq.com\/de\/carboliq-im-fokus-der-k-zeitung\/#article\",\"isPartOf\":{\"@id\":\"https:\/\/carboliq.com\/de\/carboliq-im-fokus-der-k-zeitung\/\"},\"author\":{\"name\":\"Sven Luca Graebenteich\",\"@id\":\"https:\/\/carboliq.com\/de\/#\/schema\/person\/17def58f283a301a22312b53c561665d\"},\"headline\":\"carboliq im Fokus der K-ZEITUNG\",\"datePublished\":\"2025-10-06T11:45:59+00:00\",\"dateModified\":\"2025-10-06T11:46:00+00:00\",\"mainEntityOfPage\":{\"@id\":\"https:\/\/carboliq.com\/de\/carboliq-im-fokus-der-k-zeitung\/\"},\"wordCount\":184,\"publisher\":{\"@id\":\"https:\/\/carboliq.com\/de\/#organization\"},\"image\":{\"@id\":\"https:\/\/carboliq.com\/de\/carboliq-im-fokus-der-k-zeitung\/#primaryimage\"},\"thumbnailUrl\":\"https:\/\/carboliq.com\/app\/uploads\/2025\/10\/carboliq_muellfraktionen.jpeg.avif\",\"articleSection\":[\"News\"],\"inLanguage\":\"de\"},{\"@type\":\"WebPage\",\"@id\":\"https:\/\/carboliq.com\/de\/carboliq-im-fokus-der-k-zeitung\/\",\"url\":\"https:\/\/carboliq.com\/de\/carboliq-im-fokus-der-k-zeitung\/\",\"name\":\"carboliq im Fokus der K-ZEITUNG - Carboliq GmbH\",\"isPartOf\":{\"@id\":\"https:\/\/carboliq.com\/de\/#website\"},\"primaryImageOfPage\":{\"@id\":\"https:\/\/carboliq.com\/de\/carboliq-im-fokus-der-k-zeitung\/#primaryimage\"},\"image\":{\"@id\":\"https:\/\/carboliq.com\/de\/carboliq-im-fokus-der-k-zeitung\/#primaryimage\"},\"thumbnailUrl\":\"https:\/\/carboliq.com\/app\/uploads\/2025\/10\/carboliq_muellfraktionen.jpeg.avif\",\"datePublished\":\"2025-10-06T11:45:59+00:00\",\"dateModified\":\"2025-10-06T11:46:00+00:00\",\"breadcrumb\":{\"@id\":\"https:\/\/carboliq.com\/de\/carboliq-im-fokus-der-k-zeitung\/#breadcrumb\"},\"inLanguage\":\"de\",\"potentialAction\":[{\"@type\":\"ReadAction\",\"target\":[\"https:\/\/carboliq.com\/de\/carboliq-im-fokus-der-k-zeitung\/\"]}]},{\"@type\":\"ImageObject\",\"inLanguage\":\"de\",\"@id\":\"https:\/\/carboliq.com\/de\/carboliq-im-fokus-der-k-zeitung\/#primaryimage\",\"url\":\"https:\/\/carboliq.com\/app\/uploads\/2025\/10\/carboliq_muellfraktionen.jpeg.avif\",\"contentUrl\":\"https:\/\/carboliq.com\/app\/uploads\/2025\/10\/carboliq_muellfraktionen.jpeg.avif\",\"width\":760,\"height\":506},{\"@type\":\"BreadcrumbList\",\"@id\":\"https:\/\/carboliq.com\/de\/carboliq-im-fokus-der-k-zeitung\/#breadcrumb\",\"itemListElement\":[{\"@type\":\"ListItem\",\"position\":1,\"name\":\"Home\",\"item\":\"https:\/\/carboliq.com\/de\/\"},{\"@type\":\"ListItem\",\"position\":2,\"name\":\"carboliq im Fokus der K-ZEITUNG\"}]},{\"@type\":\"WebSite\",\"@id\":\"https:\/\/carboliq.com\/de\/#website\",\"url\":\"https:\/\/carboliq.com\/de\/\",\"name\":\"carboliq GmbH\",\"description\":\"Innovation aus Freude an Technik\",\"publisher\":{\"@id\":\"https:\/\/carboliq.com\/de\/#organization\"},\"potentialAction\":[{\"@type\":\"SearchAction\",\"target\":{\"@type\":\"EntryPoint\",\"urlTemplate\":\"https:\/\/carboliq.com\/de\/?s={search_term_string}\"},\"query-input\":{\"@type\":\"PropertyValueSpecification\",\"valueRequired\":true,\"valueName\":\"search_term_string\"}}],\"inLanguage\":\"de\"},{\"@type\":\"Organization\",\"@id\":\"https:\/\/carboliq.com\/de\/#organization\",\"name\":\"carboliq GmbH\",\"url\":\"https:\/\/carboliq.com\/de\/\",\"logo\":{\"@type\":\"ImageObject\",\"inLanguage\":\"de\",\"@id\":\"https:\/\/carboliq.com\/de\/#\/schema\/logo\/image\/\",\"url\":\"https:\/\/carboliq.com\/app\/uploads\/2025\/08\/CLIQ_Logo_ohne_Claim-1920x402.webp\",\"contentUrl\":\"https:\/\/carboliq.com\/app\/uploads\/2025\/08\/CLIQ_Logo_ohne_Claim-1920x402.webp\",\"width\":2560,\"height\":536,\"caption\":\"carboliq GmbH\"},\"image\":{\"@id\":\"https:\/\/carboliq.com\/de\/#\/schema\/logo\/image\/\"},\"sameAs\":[\"https:\/\/www.linkedin.com\/company\/carboliq\/posts\/?feedView=all\"]},{\"@type\":\"Person\",\"@id\":\"https:\/\/carboliq.com\/de\/#\/schema\/person\/17def58f283a301a22312b53c561665d\",\"name\":\"Sven Luca Graebenteich\",\"url\":\"https:\/\/carboliq.com\/de\/author\/carboliq_graebenteich\/\"}]}<\/script>\n<!-- \/ Yoast SEO Premium plugin. -->","yoast_head_json":{"title":"carboliq im Fokus der K-ZEITUNG - Carboliq GmbH","robots":{"index":"index","follow":"follow","max-snippet":"max-snippet:-1","max-image-preview":"max-image-preview:large","max-video-preview":"max-video-preview:-1"},"canonical":"https:\/\/carboliq.com\/de\/carboliq-im-fokus-der-k-zeitung\/","og_locale":"de_DE","og_type":"article","og_title":"carboliq im Fokus der K-ZEITUNG","og_url":"https:\/\/carboliq.com\/de\/carboliq-im-fokus-der-k-zeitung\/","og_site_name":"Carboliq GmbH","article_published_time":"2025-10-06T11:45:59+00:00","article_modified_time":"2025-10-06T11:46:00+00:00","og_image":[{"width":760,"height":506,"url":"https:\/\/carboliq.com\/app\/uploads\/2025\/10\/carboliq_muellfraktionen.jpeg.avif","type":"image\/webp"}],"author":"Sven Luca Graebenteich","twitter_card":"summary_large_image","twitter_misc":{"Verfasst von":"Sven Luca Graebenteich","Gesch\u00e4tzte Lesezeit":"2\u00a0Minuten"},"schema":{"@context":"https:\/\/schema.org","@graph":[{"@type":"Article","@id":"https:\/\/carboliq.com\/de\/carboliq-im-fokus-der-k-zeitung\/#article","isPartOf":{"@id":"https:\/\/carboliq.com\/de\/carboliq-im-fokus-der-k-zeitung\/"},"author":{"name":"Sven Luca Graebenteich","@id":"https:\/\/carboliq.com\/de\/#\/schema\/person\/17def58f283a301a22312b53c561665d"},"headline":"carboliq im Fokus der K-ZEITUNG","datePublished":"2025-10-06T11:45:59+00:00","dateModified":"2025-10-06T11:46:00+00:00","mainEntityOfPage":{"@id":"https:\/\/carboliq.com\/de\/carboliq-im-fokus-der-k-zeitung\/"},"wordCount":184,"publisher":{"@id":"https:\/\/carboliq.com\/de\/#organization"},"image":{"@id":"https:\/\/carboliq.com\/de\/carboliq-im-fokus-der-k-zeitung\/#primaryimage"},"thumbnailUrl":"https:\/\/carboliq.com\/app\/uploads\/2025\/10\/carboliq_muellfraktionen.jpeg.avif","articleSection":["News"],"inLanguage":"de"},{"@type":"WebPage","@id":"https:\/\/carboliq.com\/de\/carboliq-im-fokus-der-k-zeitung\/","url":"https:\/\/carboliq.com\/de\/carboliq-im-fokus-der-k-zeitung\/","name":"carboliq im Fokus der K-ZEITUNG - Carboliq GmbH","isPartOf":{"@id":"https:\/\/carboliq.com\/de\/#website"},"primaryImageOfPage":{"@id":"https:\/\/carboliq.com\/de\/carboliq-im-fokus-der-k-zeitung\/#primaryimage"},"image":{"@id":"https:\/\/carboliq.com\/de\/carboliq-im-fokus-der-k-zeitung\/#primaryimage"},"thumbnailUrl":"https:\/\/carboliq.com\/app\/uploads\/2025\/10\/carboliq_muellfraktionen.jpeg.avif","datePublished":"2025-10-06T11:45:59+00:00","dateModified":"2025-10-06T11:46:00+00:00","breadcrumb":{"@id":"https:\/\/carboliq.com\/de\/carboliq-im-fokus-der-k-zeitung\/#breadcrumb"},"inLanguage":"de","potentialAction":[{"@type":"ReadAction","target":["https:\/\/carboliq.com\/de\/carboliq-im-fokus-der-k-zeitung\/"]}]},{"@type":"ImageObject","inLanguage":"de","@id":"https:\/\/carboliq.com\/de\/carboliq-im-fokus-der-k-zeitung\/#primaryimage","url":"https:\/\/carboliq.com\/app\/uploads\/2025\/10\/carboliq_muellfraktionen.jpeg.avif","contentUrl":"https:\/\/carboliq.com\/app\/uploads\/2025\/10\/carboliq_muellfraktionen.jpeg.avif","width":760,"height":506},{"@type":"BreadcrumbList","@id":"https:\/\/carboliq.com\/de\/carboliq-im-fokus-der-k-zeitung\/#breadcrumb","itemListElement":[{"@type":"ListItem","position":1,"name":"Home","item":"https:\/\/carboliq.com\/de\/"},{"@type":"ListItem","position":2,"name":"carboliq im Fokus der K-ZEITUNG"}]},{"@type":"WebSite","@id":"https:\/\/carboliq.com\/de\/#website","url":"https:\/\/carboliq.com\/de\/","name":"carboliq GmbH","description":"Innovation aus Freude an Technik","publisher":{"@id":"https:\/\/carboliq.com\/de\/#organization"},"potentialAction":[{"@type":"SearchAction","target":{"@type":"EntryPoint","urlTemplate":"https:\/\/carboliq.com\/de\/?s={search_term_string}"},"query-input":{"@type":"PropertyValueSpecification","valueRequired":true,"valueName":"search_term_string"}}],"inLanguage":"de"},{"@type":"Organization","@id":"https:\/\/carboliq.com\/de\/#organization","name":"carboliq GmbH","url":"https:\/\/carboliq.com\/de\/","logo":{"@type":"ImageObject","inLanguage":"de","@id":"https:\/\/carboliq.com\/de\/#\/schema\/logo\/image\/","url":"https:\/\/carboliq.com\/app\/uploads\/2025\/08\/CLIQ_Logo_ohne_Claim-1920x402.webp","contentUrl":"https:\/\/carboliq.com\/app\/uploads\/2025\/08\/CLIQ_Logo_ohne_Claim-1920x402.webp","width":2560,"height":536,"caption":"carboliq GmbH"},"image":{"@id":"https:\/\/carboliq.com\/de\/#\/schema\/logo\/image\/"},"sameAs":["https:\/\/www.linkedin.com\/company\/carboliq\/posts\/?feedView=all"]},{"@type":"Person","@id":"https:\/\/carboliq.com\/de\/#\/schema\/person\/17def58f283a301a22312b53c561665d","name":"Sven Luca Graebenteich","url":"https:\/\/carboliq.com\/de\/author\/carboliq_graebenteich\/"}]}},"_links":{"self":[{"href":"https:\/\/carboliq.com\/de\/wp-json\/wp\/v2\/posts\/1969","targetHints":{"allow":["GET"]}}],"collection":[{"href":"https:\/\/carboliq.com\/de\/wp-json\/wp\/v2\/posts"}],"about":[{"href":"https:\/\/carboliq.com\/de\/wp-json\/wp\/v2\/types\/post"}],"author":[{"embeddable":true,"href":"https:\/\/carboliq.com\/de\/wp-json\/wp\/v2\/users\/7"}],"replies":[{"embeddable":true,"href":"https:\/\/carboliq.com\/de\/wp-json\/wp\/v2\/comments?post=1969"}],"version-history":[{"count":1,"href":"https:\/\/carboliq.com\/de\/wp-json\/wp\/v2\/posts\/1969\/revisions"}],"predecessor-version":[{"id":1970,"href":"https:\/\/carboliq.com\/de\/wp-json\/wp\/v2\/posts\/1969\/revisions\/1970"}],"wp:featuredmedia":[{"embeddable":true,"href":"https:\/\/carboliq.com\/de\/wp-json\/wp\/v2\/media\/1954"}],"wp:attachment":[{"href":"https:\/\/carboliq.com\/de\/wp-json\/wp\/v2\/media?parent=1969"}],"wp:term":[{"taxonomy":"category","embeddable":true,"href":"https:\/\/carboliq.com\/de\/wp-json\/wp\/v2\/categories?post=1969"}],"curies":[{"name":"wp","href":"https:\/\/api.w.org\/{rel}","templated":true}]}}