{"id":1978,"date":"2025-10-08T12:31:43","date_gmt":"2025-10-08T12:31:43","guid":{"rendered":"https:\/\/carboliq.com\/?p=1978"},"modified":"2025-10-08T12:48:05","modified_gmt":"2025-10-08T12:48:05","slug":"carboliq-praesentiert-sich-auf-der-k-messe-2025","status":"publish","type":"post","link":"https:\/\/carboliq.com\/de\/carboliq-praesentiert-sich-auf-der-k-messe-2025\/","title":{"rendered":"carboliq pr\u00e4sentiert sich auf der K-Messe 2025"},"content":{"rendered":"\n<div class=\"wp-block-cover alignfull is-light hero has-white-background-color has-background\"><span aria-hidden=\"true\" class=\"wp-block-cover__background has-white-background-color has-background-dim-0 has-background-dim\"><\/span><div class=\"wp-block-cover__inner-container is-layout-flow wp-block-cover-is-layout-flow\">\n<div class=\"wp-block-columns is-layout-flex wp-container-core-columns-is-layout-28f84493 wp-block-columns-is-layout-flex\">\n<div class=\"wp-block-column is-vertically-aligned-center hero__content is-layout-flow wp-block-column-is-layout-flow\">\n<p>Pressemitteilung<\/p>\n\n\n\n<h1 class=\"wp-block-heading\" id=\"h-robuste-recycling-technologie-fur-eine-nachhaltige-zukunft\"><strong>Robuste Recycling-technologie f\u00fcr eine nachhaltige Zukunft<\/strong><\/h1>\n<\/div>\n\n\n\n<div class=\"wp-block-column is-vertically-aligned-center hero__media is-layout-flow wp-block-column-is-layout-flow\">\n<figure class=\"wp-block-image size-large\"><img data-dominant-color=\"a5bf48\" data-has-transparency=\"false\" style=\"--dominant-color: #a5bf48;\" loading=\"lazy\" decoding=\"async\" width=\"768\" height=\"432\" src=\"https:\/\/carboliq.com\/app\/uploads\/2025\/10\/Carboliq_RGB-768x432.avif\" alt=\"\" class=\"wp-image-1973 not-transparent\" srcset=\"https:\/\/carboliq.com\/app\/uploads\/2025\/10\/Carboliq_RGB-768x432.avif 768w, https:\/\/carboliq.com\/app\/uploads\/2025\/10\/Carboliq_RGB-402x226.avif 402w\" sizes=\"auto, (max-width: 768px) 100vw, 768px\" \/><\/figure>\n<\/div>\n<\/div>\n<\/div><\/div>\n\n\n\n<section class=\"section \"><div class=\"section__inner\">\n<p class=\"is-style-default\"><strong>Die carboliq GmbH stellt auf der diesj\u00e4hrigen K-Messe in D\u00fcsseldorf (8.\u201315. Oktober, Halle 6, Stand D76) ihre innovative chemische Recyclingtechnologie vor. Als Teil des Gemeinschaftsstands des Ministeriums f\u00fcr Wirtschaft, Mittelstand, Klimaschutz und Energie des Landes Nordrhein-Westfalen erkl\u00e4rt das Unternehmen, wie aus Kunststoffabf\u00e4llen wieder wertvolle Ressourcen werden \u2013 effizient, umweltfreundlich und zukunftsweisend.<\/strong><\/p>\n\n\n\n<div style=\"height:100px\" aria-hidden=\"true\" class=\"wp-block-spacer is-style-small\"><\/div>\n\n\n\n<div class=\"wp-block-buttons is-layout-flex wp-block-buttons-is-layout-flex\">\n<div class=\"wp-block-button is-style-fill\"><a class=\"wp-block-button__link wp-element-button\" href=\"https:\/\/www.k-zeitung.de\/carboliq-praesentiert-recyclingtechnologie-in-duesseldorf\" target=\"_blank\" rel=\"noreferrer noopener\">Erfahren Sie mehr<\/a><\/div>\n<\/div>\n\n\n\n<div style=\"height:100px\" aria-hidden=\"true\" class=\"wp-block-spacer is-style-medium\"><\/div>\n\n\n\n<h2 class=\"wp-block-heading has-h-5-font-size\" id=\"h-ein-verfahren-das-massstabe-setzt\"><strong>Ein Verfahren, das Ma\u00dfst\u00e4be setzt<\/strong><\/h2>\n\n\n\n<p>Das carboliq-Verfahren ist ein einstufiger, thermisch-katalytischer Prozess zur Verfl\u00fcssigung fester Kohlenwasserstoffe. Es erm\u00f6glicht die R\u00fcckgewinnung hochwertiger fl\u00fcssiger Rohstoffe \u2013 sogenannte Circular Liquid Resources (CLR) \u2013 aus gemischten und kontaminierten Kunststoffabf\u00e4llen. Damit bietet carboliq eine echte Alternative zur thermischen Verwertung<\/p>\n\n\n\n<p>Bei der Verarbeitung von PA6-haltigen Kunststoffen l\u00e4sst sich zus\u00e4tzlich der komplexe Baustein Caprolactam isolieren und wieder zu Polyamid verarbeiten. Dies bringt erhebliche Einsparungen im Herstellprozess mit sich, da das aufw\u00e4ndig hergestellte Monomer direkt verwendet werden kann, und tr\u00e4gt damit zur Schonung fossiler Ressourcen bei. \u201eUnser Ziel ist es, die Kreislaufwirtschaft in der Kunststoffindustrie voranzutreiben und es allen Beteiligten der Wertsch\u00f6pfungskette zu erm\u00f6glichen, die gesetzten Recyclingquoten und Klimaschutzziele zu erreichen\u201c, so Dr. Harald Klein, Gesch\u00e4ftsf\u00fchrer der carboliq.<\/p>\n\n\n\n<h2 class=\"wp-block-heading has-h-5-font-size\" id=\"h-robust-flexibel-wirtschaftlich\"><strong>Robust, flexibel, wirtschaftlich<\/strong><\/h2>\n\n\n\n<p>Ein herausragendes Merkmal der carboliq-Technologie ist ihre Robustheit gegen\u00fcber unterschiedlichen Einsatzmaterialien. Ob sortenreine Kunststoffe beispielsweise aus der Automobil- oder Fast Fashion Industrie, gemischte Verpackungsabf\u00e4lle oder stark verschmutzte Fraktionen \u2013 das Verfahren verarbeitet sie zuverl\u00e4ssig und effizient. Diese Flexibilit\u00e4t macht carboliq besonders attraktiv f\u00fcr Kommunen, Entsorger und Industriepartner, die nach skalierbaren L\u00f6sungen f\u00fcr schwer recycelbare Kunststoffstr\u00f6me suchen.<\/p>\n\n\n\n<h2 class=\"wp-block-heading has-h-5-font-size\" id=\"h-schadstoffeliminierung-fur-hochwertige-rezyklate\"><strong>Schadstoffeliminierung f\u00fcr hochwertige Rezyklate<\/strong><\/h2>\n\n\n\n<p>Ein weiterer Vorteil: W\u00e4hrend des Prozesses werden Schadstoffe aus dem Material entfernt. Das Ergebnis sind Rezyklate, die h\u00f6chsten Qualit\u00e4tsanforderungen gen\u00fcgen und sich f\u00fcr anspruchsvolle Anwendungen eignen \u2013 da die daraus hergestellten Kunststoffe Neuwarenqualit\u00e4t haben. Damit leistet carboliq einen wichtigen Beitrag zur Schlie\u00dfung des Kunststoffkreislaufs und zur Reduktion von Umweltbelastungen.<\/p>\n\n\n\n<h2 class=\"wp-block-heading has-h-5-font-size\" id=\"h-ressourcenschonung-durch-kreislaufwirtschaft\"><strong>Ressourcenschonung durch Kreislaufwirtschaft<\/strong><\/h2>\n\n\n\n<p>Angesichts knapper werdender fossiler Rohstoffe und wachsender Umweltprobleme durch Plastikm\u00fcll ist die R\u00fcckf\u00fchrung von Kunststoffen in den Wertstoffkreislauf dringlicher denn je. Das carboliq-Verfahren erm\u00f6glicht genau das: Es zerlegt Kunststoffe in ihre chemischen Grundbausteine und f\u00fchrt sie dem Produktionskreislauf erneut zu \u2013 ohne Verluste in der M\u00fcllverbrennung und mit deutlich geringerer CO\u2082-Bilanz.<\/p>\n\n\n\n<p>Dabei sieht sich carboliq als komplement\u00e4rer Partner zum mechanischen Recycling und setzt dort an, wo dieses an seine Grenzen st\u00f6\u00dft. \u201eWir bieten Unternehmen ma\u00dfgeschneiderte L\u00f6sungen f\u00fcr Ihre Kunststoffabf\u00e4lle an, um zirkul\u00e4re Gesch\u00e4ftsmodelle zu entwickeln und fossile Rohstoffe zu ersetzen\u201c, erl\u00e4utert Dr. Klein.<\/p>\n\n\n\n<h2 class=\"wp-block-heading has-h-5-font-size\" id=\"h-carboliq-auf-der-k-messe-2025\"><strong>carboliq auf der K-Messe 2025<\/strong><\/h2>\n\n\n\n<p>Interessierte Besucherinnen und Besucher k\u00f6nnen sich auf der K-Messe in D\u00fcsseldorf pers\u00f6nlich \u00fcber die Leistungsf\u00e4higkeit der carboliq-Technologie informieren. Am Stand D76 in Halle 6, auf dem Gemeinschaftsstand des NRW-Wirtschaftsministeriums, stehen Expertinnen und Experten f\u00fcr Gespr\u00e4che bereit und geben Einblicke in aktuelle Projekte, Forschungsvorhaben und die strategische Weiterentwicklung des Verfahrens. Dar\u00fcber hinaus nimmt Christian Haupts, Gr\u00fcnder der carboliq GmbH, am 14. Oktober um 13.15 Uhr in Halle 6, Stand C40 an einer Paneldiskussion des Circular Valleys teil, in der das chemische Recycling nochmal von unterschiedlichen Gesichtspunkten beleuchtet wird.&nbsp;<\/p>\n\n\n\n<p>Weitere Informationen finden Sie auf unserer neuen Website unter <a href=\"http:\/\/www.carboliq.com\">www.carboliq.com<\/a>.<\/p>\n\n\n\n<h2 class=\"wp-block-heading has-h-5-font-size\" id=\"h-uber-carboliq\"><strong><u>\u00dcber carboliq<\/u><\/strong><\/h2>\n\n\n\n<p>carboliq wurde 2017 von der Recenso GmbH, einem Ingenieurb\u00fcro, als eine Technologie-Plattform f\u00fcr chemisches Recycling gegr\u00fcndet. Das Team um Olivier Inhoff und Christian Haupts hat sich bereits seit 2004 der Konzeption und Realisierung von Systemen zur Rohstoffr\u00fcckgewinnung verschrieben. Gegr\u00fcndet als Spin-Off eines traditionsreichen deutschen Anlagenbauers entwickeln und realisieren sie L\u00f6sungen f\u00fcr die wachsende Nachfrage nach Sekund\u00e4rrohstoffen. Der Sitz sowohl von Recenso wie auch von carboliq ist Remscheid \u2013 einer Stadt mit reicher Industriegeschichte und kurzen Wegen zu Wissenschaft, Fachkr\u00e4ften und Zulieferern. Von dort aus geht es in die ganze Welt. Seit Anfang 2024 ist die S\u00dcDPACK Mehrheitsanteilseigner der carboliq.<\/p>\n\n\n\n<p>carboliq entwickelt, baut und betreibt Anlagen zur Ver\u00f6lung gemischter und kontaminierter Kunststoffabf\u00e4lle. Das so hergestellte Produkt (CLR &#8211; Circular Liquid Ressource) wird von der Petrochemie stark nachgefragt. Es wird zur Herstellung neuer, hochwertiger Polymere einsetzt. Dar\u00fcber hinaus sind alle Arten von Anwendungen denkbar, aus denen Produkte entstehen, die bislang auf Basis fossiler Rohstoffe hergestellt werden.<\/p>\n\n\n\n<p>Mit seiner innovativen Technologie schlie\u00dft carboliq den Kreislauf f\u00fcr Kohlenstoff, substituiert fossile Rohstoffe und tr\u00e4gt aktiv zur Reduzierung des Klimawandels bei. Die Transformation hin zu zirkul\u00e4rer Wertsch\u00f6pfung wird so auch f\u00fcr die Kunststoffindustrie m\u00f6glich<\/p>\n\n\n\n<p>Weitere Informationen unter <a href=\"http:\/\/www.carboliq.com\">www.carboliq.com<\/a><\/p>\n\n\n\n<div class=\"wp-block-columns is-layout-flex wp-container-core-columns-is-layout-28f84493 wp-block-columns-is-layout-flex\">\n<div class=\"wp-block-column is-layout-flow wp-block-column-is-layout-flow\">\n<p><strong>Unternehmenskontakt<\/strong><\/p>\n\n\n\n<p>S\u00dcDPACK<br>Cordula Schmidt \/ Unternehmenskommunikation<br>J\u00e4gerstrasse 23<br>D-88416 Ochsenhausen<br>Tel.: +49 (0) 7352 925 \u2013 1869<br>cordula.schmidt@suedpack.com<\/p>\n<\/div>\n\n\n\n<div class=\"wp-block-column is-layout-flow wp-block-column-is-layout-flow\">\n<p><strong>Pressekontakt<\/strong><\/p>\n\n\n\n<p>REDAKON<br>Vera Sebastian<br>N\u00f6rdliche Auffahrtsallee 25<br>D-80638 M\u00fcnchen<br>Tel.: +49 (0) 89 31 20 338-21<br>vera.sebastian@redakon.com<\/p>\n<\/div>\n<\/div>\n\n\n\n<p><br><\/p>\n<\/div><\/section>\n","protected":false},"excerpt":{"rendered":"","protected":false},"author":7,"featured_media":1973,"comment_status":"closed","ping_status":"closed","sticky":false,"template":"","format":"standard","meta":{"footnotes":""},"categories":[28],"class_list":["post-1978","post","type-post","status-publish","format-standard","has-post-thumbnail","hentry","category-news"],"yoast_head":"<!-- This site is optimized with the Yoast SEO Premium plugin v26.5 (Yoast SEO v26.5) - https:\/\/yoast.com\/wordpress\/plugins\/seo\/ -->\n<title>carboliq pr\u00e4sentiert sich auf der K-Messe 2025 - Carboliq GmbH<\/title>\n<meta name=\"robots\" content=\"index, follow, max-snippet:-1, max-image-preview:large, max-video-preview:-1\" \/>\n<link rel=\"canonical\" href=\"https:\/\/carboliq.com\/de\/carboliq-praesentiert-sich-auf-der-k-messe-2025\/\" \/>\n<meta property=\"og:locale\" content=\"de_DE\" \/>\n<meta property=\"og:type\" content=\"article\" \/>\n<meta property=\"og:title\" content=\"carboliq pr\u00e4sentiert sich auf der K-Messe 2025\" \/>\n<meta property=\"og:url\" content=\"https:\/\/carboliq.com\/de\/carboliq-praesentiert-sich-auf-der-k-messe-2025\/\" \/>\n<meta property=\"og:site_name\" content=\"Carboliq GmbH\" \/>\n<meta property=\"article:published_time\" content=\"2025-10-08T12:31:43+00:00\" \/>\n<meta property=\"article:modified_time\" content=\"2025-10-08T12:48:05+00:00\" \/>\n<meta property=\"og:image\" content=\"https:\/\/carboliq.com\/app\/uploads\/2025\/10\/Carboliq_RGB-1729x1080.avif\" \/>\n\t<meta property=\"og:image:width\" content=\"2362\" \/>\n\t<meta property=\"og:image:height\" content=\"1475\" \/>\n\t<meta property=\"og:image:type\" content=\"image\/jpeg\" \/>\n<meta name=\"author\" content=\"Sven Luca Graebenteich\" \/>\n<meta name=\"twitter:card\" content=\"summary_large_image\" \/>\n<meta name=\"twitter:label1\" content=\"Verfasst von\" \/>\n\t<meta name=\"twitter:data1\" content=\"Sven Luca Graebenteich\" \/>\n\t<meta name=\"twitter:label2\" content=\"Gesch\u00e4tzte Lesezeit\" \/>\n\t<meta name=\"twitter:data2\" content=\"5\u00a0Minuten\" \/>\n<script type=\"application\/ld+json\" class=\"yoast-schema-graph\">{\"@context\":\"https:\/\/schema.org\",\"@graph\":[{\"@type\":\"Article\",\"@id\":\"https:\/\/carboliq.com\/de\/carboliq-praesentiert-sich-auf-der-k-messe-2025\/#article\",\"isPartOf\":{\"@id\":\"https:\/\/carboliq.com\/de\/carboliq-praesentiert-sich-auf-der-k-messe-2025\/\"},\"author\":{\"name\":\"Sven Luca Graebenteich\",\"@id\":\"https:\/\/carboliq.com\/de\/#\/schema\/person\/17def58f283a301a22312b53c561665d\"},\"headline\":\"carboliq pr\u00e4sentiert sich auf der K-Messe 2025\",\"datePublished\":\"2025-10-08T12:31:43+00:00\",\"dateModified\":\"2025-10-08T12:48:05+00:00\",\"mainEntityOfPage\":{\"@id\":\"https:\/\/carboliq.com\/de\/carboliq-praesentiert-sich-auf-der-k-messe-2025\/\"},\"wordCount\":787,\"publisher\":{\"@id\":\"https:\/\/carboliq.com\/de\/#organization\"},\"image\":{\"@id\":\"https:\/\/carboliq.com\/de\/carboliq-praesentiert-sich-auf-der-k-messe-2025\/#primaryimage\"},\"thumbnailUrl\":\"https:\/\/carboliq.com\/app\/uploads\/2025\/10\/Carboliq_RGB-1729x1080.avif\",\"articleSection\":[\"News\"],\"inLanguage\":\"de\"},{\"@type\":\"WebPage\",\"@id\":\"https:\/\/carboliq.com\/de\/carboliq-praesentiert-sich-auf-der-k-messe-2025\/\",\"url\":\"https:\/\/carboliq.com\/de\/carboliq-praesentiert-sich-auf-der-k-messe-2025\/\",\"name\":\"carboliq pr\u00e4sentiert sich auf der K-Messe 2025 - Carboliq GmbH\",\"isPartOf\":{\"@id\":\"https:\/\/carboliq.com\/de\/#website\"},\"primaryImageOfPage\":{\"@id\":\"https:\/\/carboliq.com\/de\/carboliq-praesentiert-sich-auf-der-k-messe-2025\/#primaryimage\"},\"image\":{\"@id\":\"https:\/\/carboliq.com\/de\/carboliq-praesentiert-sich-auf-der-k-messe-2025\/#primaryimage\"},\"thumbnailUrl\":\"https:\/\/carboliq.com\/app\/uploads\/2025\/10\/Carboliq_RGB-1729x1080.avif\",\"datePublished\":\"2025-10-08T12:31:43+00:00\",\"dateModified\":\"2025-10-08T12:48:05+00:00\",\"breadcrumb\":{\"@id\":\"https:\/\/carboliq.com\/de\/carboliq-praesentiert-sich-auf-der-k-messe-2025\/#breadcrumb\"},\"inLanguage\":\"de\",\"potentialAction\":[{\"@type\":\"ReadAction\",\"target\":[\"https:\/\/carboliq.com\/de\/carboliq-praesentiert-sich-auf-der-k-messe-2025\/\"]}]},{\"@type\":\"ImageObject\",\"inLanguage\":\"de\",\"@id\":\"https:\/\/carboliq.com\/de\/carboliq-praesentiert-sich-auf-der-k-messe-2025\/#primaryimage\",\"url\":\"https:\/\/carboliq.com\/app\/uploads\/2025\/10\/Carboliq_RGB-1729x1080.avif\",\"contentUrl\":\"https:\/\/carboliq.com\/app\/uploads\/2025\/10\/Carboliq_RGB-1729x1080.avif\",\"width\":2362,\"height\":1475},{\"@type\":\"BreadcrumbList\",\"@id\":\"https:\/\/carboliq.com\/de\/carboliq-praesentiert-sich-auf-der-k-messe-2025\/#breadcrumb\",\"itemListElement\":[{\"@type\":\"ListItem\",\"position\":1,\"name\":\"Home\",\"item\":\"https:\/\/carboliq.com\/de\/\"},{\"@type\":\"ListItem\",\"position\":2,\"name\":\"carboliq pr\u00e4sentiert sich auf der K-Messe 2025\"}]},{\"@type\":\"WebSite\",\"@id\":\"https:\/\/carboliq.com\/de\/#website\",\"url\":\"https:\/\/carboliq.com\/de\/\",\"name\":\"carboliq GmbH\",\"description\":\"Innovation aus Freude an Technik\",\"publisher\":{\"@id\":\"https:\/\/carboliq.com\/de\/#organization\"},\"potentialAction\":[{\"@type\":\"SearchAction\",\"target\":{\"@type\":\"EntryPoint\",\"urlTemplate\":\"https:\/\/carboliq.com\/de\/?s={search_term_string}\"},\"query-input\":{\"@type\":\"PropertyValueSpecification\",\"valueRequired\":true,\"valueName\":\"search_term_string\"}}],\"inLanguage\":\"de\"},{\"@type\":\"Organization\",\"@id\":\"https:\/\/carboliq.com\/de\/#organization\",\"name\":\"carboliq GmbH\",\"url\":\"https:\/\/carboliq.com\/de\/\",\"logo\":{\"@type\":\"ImageObject\",\"inLanguage\":\"de\",\"@id\":\"https:\/\/carboliq.com\/de\/#\/schema\/logo\/image\/\",\"url\":\"https:\/\/carboliq.com\/app\/uploads\/2025\/08\/CLIQ_Logo_ohne_Claim-1920x402.webp\",\"contentUrl\":\"https:\/\/carboliq.com\/app\/uploads\/2025\/08\/CLIQ_Logo_ohne_Claim-1920x402.webp\",\"width\":2560,\"height\":536,\"caption\":\"carboliq GmbH\"},\"image\":{\"@id\":\"https:\/\/carboliq.com\/de\/#\/schema\/logo\/image\/\"},\"sameAs\":[\"https:\/\/www.linkedin.com\/company\/carboliq\/posts\/?feedView=all\"]},{\"@type\":\"Person\",\"@id\":\"https:\/\/carboliq.com\/de\/#\/schema\/person\/17def58f283a301a22312b53c561665d\",\"name\":\"Sven Luca Graebenteich\",\"url\":\"https:\/\/carboliq.com\/de\/author\/carboliq_graebenteich\/\"}]}<\/script>\n<!-- \/ Yoast SEO Premium plugin. -->","yoast_head_json":{"title":"carboliq pr\u00e4sentiert sich auf der K-Messe 2025 - Carboliq GmbH","robots":{"index":"index","follow":"follow","max-snippet":"max-snippet:-1","max-image-preview":"max-image-preview:large","max-video-preview":"max-video-preview:-1"},"canonical":"https:\/\/carboliq.com\/de\/carboliq-praesentiert-sich-auf-der-k-messe-2025\/","og_locale":"de_DE","og_type":"article","og_title":"carboliq pr\u00e4sentiert sich auf der K-Messe 2025","og_url":"https:\/\/carboliq.com\/de\/carboliq-praesentiert-sich-auf-der-k-messe-2025\/","og_site_name":"Carboliq GmbH","article_published_time":"2025-10-08T12:31:43+00:00","article_modified_time":"2025-10-08T12:48:05+00:00","og_image":[{"width":2362,"height":1475,"url":"https:\/\/carboliq.com\/app\/uploads\/2025\/10\/Carboliq_RGB-1729x1080.avif","type":"image\/jpeg"}],"author":"Sven Luca Graebenteich","twitter_card":"summary_large_image","twitter_misc":{"Verfasst von":"Sven Luca Graebenteich","Gesch\u00e4tzte Lesezeit":"5\u00a0Minuten"},"schema":{"@context":"https:\/\/schema.org","@graph":[{"@type":"Article","@id":"https:\/\/carboliq.com\/de\/carboliq-praesentiert-sich-auf-der-k-messe-2025\/#article","isPartOf":{"@id":"https:\/\/carboliq.com\/de\/carboliq-praesentiert-sich-auf-der-k-messe-2025\/"},"author":{"name":"Sven Luca Graebenteich","@id":"https:\/\/carboliq.com\/de\/#\/schema\/person\/17def58f283a301a22312b53c561665d"},"headline":"carboliq pr\u00e4sentiert sich auf der K-Messe 2025","datePublished":"2025-10-08T12:31:43+00:00","dateModified":"2025-10-08T12:48:05+00:00","mainEntityOfPage":{"@id":"https:\/\/carboliq.com\/de\/carboliq-praesentiert-sich-auf-der-k-messe-2025\/"},"wordCount":787,"publisher":{"@id":"https:\/\/carboliq.com\/de\/#organization"},"image":{"@id":"https:\/\/carboliq.com\/de\/carboliq-praesentiert-sich-auf-der-k-messe-2025\/#primaryimage"},"thumbnailUrl":"https:\/\/carboliq.com\/app\/uploads\/2025\/10\/Carboliq_RGB-1729x1080.avif","articleSection":["News"],"inLanguage":"de"},{"@type":"WebPage","@id":"https:\/\/carboliq.com\/de\/carboliq-praesentiert-sich-auf-der-k-messe-2025\/","url":"https:\/\/carboliq.com\/de\/carboliq-praesentiert-sich-auf-der-k-messe-2025\/","name":"carboliq pr\u00e4sentiert sich auf der K-Messe 2025 - Carboliq GmbH","isPartOf":{"@id":"https:\/\/carboliq.com\/de\/#website"},"primaryImageOfPage":{"@id":"https:\/\/carboliq.com\/de\/carboliq-praesentiert-sich-auf-der-k-messe-2025\/#primaryimage"},"image":{"@id":"https:\/\/carboliq.com\/de\/carboliq-praesentiert-sich-auf-der-k-messe-2025\/#primaryimage"},"thumbnailUrl":"https:\/\/carboliq.com\/app\/uploads\/2025\/10\/Carboliq_RGB-1729x1080.avif","datePublished":"2025-10-08T12:31:43+00:00","dateModified":"2025-10-08T12:48:05+00:00","breadcrumb":{"@id":"https:\/\/carboliq.com\/de\/carboliq-praesentiert-sich-auf-der-k-messe-2025\/#breadcrumb"},"inLanguage":"de","potentialAction":[{"@type":"ReadAction","target":["https:\/\/carboliq.com\/de\/carboliq-praesentiert-sich-auf-der-k-messe-2025\/"]}]},{"@type":"ImageObject","inLanguage":"de","@id":"https:\/\/carboliq.com\/de\/carboliq-praesentiert-sich-auf-der-k-messe-2025\/#primaryimage","url":"https:\/\/carboliq.com\/app\/uploads\/2025\/10\/Carboliq_RGB-1729x1080.avif","contentUrl":"https:\/\/carboliq.com\/app\/uploads\/2025\/10\/Carboliq_RGB-1729x1080.avif","width":2362,"height":1475},{"@type":"BreadcrumbList","@id":"https:\/\/carboliq.com\/de\/carboliq-praesentiert-sich-auf-der-k-messe-2025\/#breadcrumb","itemListElement":[{"@type":"ListItem","position":1,"name":"Home","item":"https:\/\/carboliq.com\/de\/"},{"@type":"ListItem","position":2,"name":"carboliq pr\u00e4sentiert sich auf der K-Messe 2025"}]},{"@type":"WebSite","@id":"https:\/\/carboliq.com\/de\/#website","url":"https:\/\/carboliq.com\/de\/","name":"carboliq GmbH","description":"Innovation aus Freude an Technik","publisher":{"@id":"https:\/\/carboliq.com\/de\/#organization"},"potentialAction":[{"@type":"SearchAction","target":{"@type":"EntryPoint","urlTemplate":"https:\/\/carboliq.com\/de\/?s={search_term_string}"},"query-input":{"@type":"PropertyValueSpecification","valueRequired":true,"valueName":"search_term_string"}}],"inLanguage":"de"},{"@type":"Organization","@id":"https:\/\/carboliq.com\/de\/#organization","name":"carboliq GmbH","url":"https:\/\/carboliq.com\/de\/","logo":{"@type":"ImageObject","inLanguage":"de","@id":"https:\/\/carboliq.com\/de\/#\/schema\/logo\/image\/","url":"https:\/\/carboliq.com\/app\/uploads\/2025\/08\/CLIQ_Logo_ohne_Claim-1920x402.webp","contentUrl":"https:\/\/carboliq.com\/app\/uploads\/2025\/08\/CLIQ_Logo_ohne_Claim-1920x402.webp","width":2560,"height":536,"caption":"carboliq GmbH"},"image":{"@id":"https:\/\/carboliq.com\/de\/#\/schema\/logo\/image\/"},"sameAs":["https:\/\/www.linkedin.com\/company\/carboliq\/posts\/?feedView=all"]},{"@type":"Person","@id":"https:\/\/carboliq.com\/de\/#\/schema\/person\/17def58f283a301a22312b53c561665d","name":"Sven Luca Graebenteich","url":"https:\/\/carboliq.com\/de\/author\/carboliq_graebenteich\/"}]}},"_links":{"self":[{"href":"https:\/\/carboliq.com\/de\/wp-json\/wp\/v2\/posts\/1978","targetHints":{"allow":["GET"]}}],"collection":[{"href":"https:\/\/carboliq.com\/de\/wp-json\/wp\/v2\/posts"}],"about":[{"href":"https:\/\/carboliq.com\/de\/wp-json\/wp\/v2\/types\/post"}],"author":[{"embeddable":true,"href":"https:\/\/carboliq.com\/de\/wp-json\/wp\/v2\/users\/7"}],"replies":[{"embeddable":true,"href":"https:\/\/carboliq.com\/de\/wp-json\/wp\/v2\/comments?post=1978"}],"version-history":[{"count":2,"href":"https:\/\/carboliq.com\/de\/wp-json\/wp\/v2\/posts\/1978\/revisions"}],"predecessor-version":[{"id":1981,"href":"https:\/\/carboliq.com\/de\/wp-json\/wp\/v2\/posts\/1978\/revisions\/1981"}],"wp:featuredmedia":[{"embeddable":true,"href":"https:\/\/carboliq.com\/de\/wp-json\/wp\/v2\/media\/1973"}],"wp:attachment":[{"href":"https:\/\/carboliq.com\/de\/wp-json\/wp\/v2\/media?parent=1978"}],"wp:term":[{"taxonomy":"category","embeddable":true,"href":"https:\/\/carboliq.com\/de\/wp-json\/wp\/v2\/categories?post=1978"}],"curies":[{"name":"wp","href":"https:\/\/api.w.org\/{rel}","templated":true}]}}